{"id":5269,"date":"2023-09-21T10:51:53","date_gmt":"2023-09-21T08:51:53","guid":{"rendered":"http:\/\/fsnv.univ-djelfa.dz\/wordpress\/?p=5269"},"modified":"2023-09-21T10:51:53","modified_gmt":"2023-09-21T08:51:53","slug":"annexe-de-medecine-liste-des-etudiants-repartis-en-groupes-selon-les-salles-pour-le-test-de-langue-francaise-prevu-le-23-septembre-2023-a-10h0","status":"publish","type":"post","link":"https:\/\/fsnv.univ-djelfa.dz\/wordpress\/2023\/09\/21\/annexe-de-medecine-liste-des-etudiants-repartis-en-groupes-selon-les-salles-pour-le-test-de-langue-francaise-prevu-le-23-septembre-2023-a-10h0\/","title":{"rendered":"Annexe de m\u00e9decine- liste des \u00e9tudiants r\u00e9partis en groupes selon les salles pour le test de langue fran\u00e7aise pr\u00e9vu le 23 septembre 2023 \u00e0 10h0"},"content":{"rendered":"<h3 style=\"text-align: center;\"><strong><a href=\"https:\/\/fsnv.univ-djelfa.dz\/wordpress\/wp-content\/uploads\/2023\/09\/Liste-Etudiants-Medecine-Premiere-ann\u00e9e_Djelfa_test_Francais.pdf\">Liste Etudiants Medecine Premiere ann\u00e9e_Djelfa_test_Francais<\/a><\/strong><\/h3>\n","protected":false},"excerpt":{"rendered":"<p>Liste Etudiants Medecine Premiere ann\u00e9e_Djelfa_test_Francais<\/p>\n","protected":false},"author":2,"featured_media":5250,"comment_status":"open","ping_status":"open","sticky":false,"template":"","format":"standard","meta":{"tdm_status":"","tdm_grid_status":"","footnotes":""},"categories":[50,35],"tags":[],"class_list":{"0":"post-5269","1":"post","2":"type-post","3":"status-publish","4":"format-standard","5":"has-post-thumbnail","7":"category-annexe-de-medecine","8":"category-vice-decanat-pedagogie"},"_links":{"self":[{"href":"https:\/\/fsnv.univ-djelfa.dz\/wordpress\/wp-json\/wp\/v2\/posts\/5269","targetHints":{"allow":["GET"]}}],"collection":[{"href":"https:\/\/fsnv.univ-djelfa.dz\/wordpress\/wp-json\/wp\/v2\/posts"}],"about":[{"href":"https:\/\/fsnv.univ-djelfa.dz\/wordpress\/wp-json\/wp\/v2\/types\/post"}],"author":[{"embeddable":true,"href":"https:\/\/fsnv.univ-djelfa.dz\/wordpress\/wp-json\/wp\/v2\/users\/2"}],"replies":[{"embeddable":true,"href":"https:\/\/fsnv.univ-djelfa.dz\/wordpress\/wp-json\/wp\/v2\/comments?post=5269"}],"version-history":[{"count":1,"href":"https:\/\/fsnv.univ-djelfa.dz\/wordpress\/wp-json\/wp\/v2\/posts\/5269\/revisions"}],"predecessor-version":[{"id":5271,"href":"https:\/\/fsnv.univ-djelfa.dz\/wordpress\/wp-json\/wp\/v2\/posts\/5269\/revisions\/5271"}],"wp:featuredmedia":[{"embeddable":true,"href":"https:\/\/fsnv.univ-djelfa.dz\/wordpress\/wp-json\/wp\/v2\/media\/5250"}],"wp:attachment":[{"href":"https:\/\/fsnv.univ-djelfa.dz\/wordpress\/wp-json\/wp\/v2\/media?parent=5269"}],"wp:term":[{"taxonomy":"category","embeddable":true,"href":"https:\/\/fsnv.univ-djelfa.dz\/wordpress\/wp-json\/wp\/v2\/categories?post=5269"},{"taxonomy":"post_tag","embeddable":true,"href":"https:\/\/fsnv.univ-djelfa.dz\/wordpress\/wp-json\/wp\/v2\/tags?post=5269"}],"curies":[{"name":"wp","href":"https:\/\/api.w.org\/{rel}","templated":true}]}}